{"id":412,"date":"2023-09-29T16:02:46","date_gmt":"2023-09-29T16:02:46","guid":{"rendered":"https:\/\/websites.emerson.edu\/celebrate-diversity\/?p=412"},"modified":"2025-02-19T18:39:04","modified_gmt":"2025-02-19T18:39:04","slug":"latine-and-hispanic-heritage-month-fall-2023","status":"publish","type":"post","link":"https:\/\/websites.emerson.edu\/celebrate-diversity\/2023\/09\/29\/latine-and-hispanic-heritage-month-fall-2023\/","title":{"rendered":"Latin\u00e9 and Hispanic Heritage Month &#8211; Fall 2023"},"content":{"rendered":"<div class=\"jetpack-video-wrapper\"><iframe loading=\"lazy\" title=\"To the Latine and Hispanic students, faculty, and staff of the Emerson community\u2014we celebrate you.\" width=\"690\" height=\"388\" src=\"https:\/\/www.youtube.com\/embed\/f8FCSCtT1eI?feature=oembed\" frameborder=\"0\" allow=\"accelerometer; autoplay; clipboard-write; encrypted-media; gyroscope; picture-in-picture; web-share\" referrerpolicy=\"strict-origin-when-cross-origin\" allowfullscreen><\/iframe><\/div>\n<p>\u00a1Saludes!<\/p>\n<p>From September 15 through October 15, we celebrate Latin\u00e9 and Hispanic Heritage Month. It is a time to amplify the contributions and rich culture of our Emerson community members from Latin America, South America, the Caribbean, and Spain. Hispanic Heritage Month is one of many recognition months in the United States created by the federal government. This week was created in the context of the demands from social movements of the time to acknowledge the many contributions of Hispanic and Latin\u00e9 communities. It was first celebrated over a week in 1968, and expanded to a month in 1988.<\/p>\n<p>Del 15 de septiembre al 15 de octubre, celebramos el Mes del Patrimonio Latine y Hispano.\u00a0 Es un momento para amplificar las contribucion<\/p>\n<p>es y la rica cultura de las personas de nuestra comunidad de Emerson de Am\u00e9rica Latina, Am\u00e9rica del Sur, el Caribe, y Espa\u00f1a. El Mes del Patrimonio Hispano es uno de los varios \u201cmeses de reconocimiento\u201d en los Estados Unidos creados por el gobierno federal. Esta semana fue creada en el contexto de las demandas de los movimientos sociales de la \u00e9poca de reconocer las varias contribuciones de las comunidades hispanas y latines. Fue celebrado por primera vez durante una semana en 1968 y se ampli\u00f3 a un mes en 1988.<\/p>\n<p><img loading=\"lazy\" decoding=\"async\" class=\"alignright wp-image-414 size-medium\" src=\"https:\/\/websites.emerson.edu\/celebrate-diversity\/wp-content\/uploads\/sites\/26\/2024\/03\/unnamed-1-1-150x300.png\" alt=\"Multicolored flags flying above buildings in Valladolid, Mexico.\" width=\"150\" height=\"300\" srcset=\"https:\/\/websites.emerson.edu\/celebrate-diversity\/wp-content\/uploads\/sites\/26\/2024\/03\/unnamed-1-1-150x300.png 150w, https:\/\/websites.emerson.edu\/celebrate-diversity\/wp-content\/uploads\/sites\/26\/2024\/03\/unnamed-1-1-75x150.png 75w, https:\/\/websites.emerson.edu\/celebrate-diversity\/wp-content\/uploads\/sites\/26\/2024\/03\/unnamed-1-1.png 200w\" sizes=\"auto, (max-width: 150px) 100vw, 150px\" \/><\/p>\n<p>Embedded in Hispanic, Chicane, and Latin\u00e9 history are Indigenous communities, multiple races and languages, varied ways of embracing gender, and deep traditions that pre-date colonization. Latin\u00e9 Heritage Month acknowledges and celebrates the region, countries, and culture of Latin America, and Hispanic Heritage Month recognizes the Spanish language, descendants, and Spanish-speaking countries, including Spain, Mexico, Latin America, South America, and many countries in the Caribbean.<\/p>\n<p>These cultures are not monolithic, however, and the naming of such an important recognition is complex. It is not sufficient to provide a singular translation, when accurately and fully representing the month includes multiple Spanishes,\u00a0<a href=\"https:\/\/translatorswithoutborders.org\/language-data-by-country\/\" target=\"_blank\" rel=\"noopener\" data-saferedirecturl=\"https:\/\/www.google.com\/url?q=https:\/\/translatorswithoutborders.org\/language-data-by-country\/&amp;source=gmail&amp;ust=1711030678753000&amp;usg=AOvVaw1m2Jzj40OGY3uphRWEUk7W\">languages, and dialects<\/a>, including Portuguese, Quechua, Aymara, Maya, Nahuatl, and Haitian Creole.<\/p>\n<p>Similarly, our choice to embrace language and gender expansiveness with the word\u00a0<a href=\"https:\/\/callmelatine.wordpress.com\/\" target=\"_blank\" rel=\"noopener\" data-saferedirecturl=\"https:\/\/www.google.com\/url?q=https:\/\/callmelatine.wordpress.com\/&amp;source=gmail&amp;ust=1711030678753000&amp;usg=AOvVaw2rzdZGmJflkhj-i0_AUbqT\">Latin\u00e9<\/a>\u00a0as a current form of gender representation in Spanish resulted from conversations with students and staff across the College. The suffix \u2018x\u2019 is often used in English to create gender expansiveness, however x does not translate the same in other languages.<\/p>\n<p><img loading=\"lazy\" decoding=\"async\" class=\"alignleft wp-image-415 size-medium\" src=\"https:\/\/websites.emerson.edu\/celebrate-diversity\/wp-content\/uploads\/sites\/26\/2024\/03\/unnamed-4-199x300.png\" alt=\"Ruins against a backdrop of mountains at Machu Picchu in Peru.\" width=\"199\" height=\"300\" srcset=\"https:\/\/websites.emerson.edu\/celebrate-diversity\/wp-content\/uploads\/sites\/26\/2024\/03\/unnamed-4-199x300.png 199w, https:\/\/websites.emerson.edu\/celebrate-diversity\/wp-content\/uploads\/sites\/26\/2024\/03\/unnamed-4-99x150.png 99w, https:\/\/websites.emerson.edu\/celebrate-diversity\/wp-content\/uploads\/sites\/26\/2024\/03\/unnamed-4.png 437w\" sizes=\"auto, (max-width: 199px) 100vw, 199px\" \/><\/p>\n<p>The timing is significant because many of the countries in this region mark their independence during the span of these 30 days. Costa Rica, El Salvador,<\/p>\n<p>Guatemala, Honduras, and Nicaragua celebrate independence on September 15; Mexico on September 16; Chile on September 18; and Belize on September 21. The Andean countries of Bolivia, Chile, Colombia, Ecuador, and Peru recognize important dates during the months leading up to this time of year. Many South American countries including Paraguay and Uruguay; as well as Puerto Rico, a Spanish-speaking territory of the United States; and island and Caribbean countries including Haiti and Dominican Republic, also recognize the important legacy of revolution and ongoing resistance.<\/p>\n<p>Gathered below are events and resources that celebrate the pride of Latin\u00e9 heritage, culture, and legacy. We also share articles to further your understanding of the nuanced history, geography, and impact of European colonialism and U.S. influence on these countries and communities.<\/p>\n<p>We encourage you to embrace this year\u2019s theme, and ask yourself how you can live up to the call:<\/p>\n<h3 style=\"text-align: center\">&#8220;Todos Somos, Somos Uno: We Are All, We Are One.&#8221;<\/h3>\n<h1 style=\"text-align: left\">Events<\/h1>\n<p><img loading=\"lazy\" decoding=\"async\" class=\"alignleft wp-image-416 size-full\" src=\"https:\/\/websites.emerson.edu\/celebrate-diversity\/wp-content\/uploads\/sites\/26\/2024\/03\/unnamed-5.png\" alt=\"Flyer for Puerto Rico - Beyond Reggaeton. October 4, 2023, 7PM, Bill Bordy Theatre, 216 Tremont St. Boston, MA. Experience the heart of Puerto Rican culture through music with performance by artist Jorge Arce and Juan Nieves Y Su Legado. Presented by Intercultural Student Affairs, Amigos: Organizacion Latina, and Internationalization and Equity.\" width=\"792\" height=\"1008\" srcset=\"https:\/\/websites.emerson.edu\/celebrate-diversity\/wp-content\/uploads\/sites\/26\/2024\/03\/unnamed-5.png 792w, https:\/\/websites.emerson.edu\/celebrate-diversity\/wp-content\/uploads\/sites\/26\/2024\/03\/unnamed-5-236x300.png 236w, https:\/\/websites.emerson.edu\/celebrate-diversity\/wp-content\/uploads\/sites\/26\/2024\/03\/unnamed-5-768x977.png 768w, https:\/\/websites.emerson.edu\/celebrate-diversity\/wp-content\/uploads\/sites\/26\/2024\/03\/unnamed-5-118x150.png 118w\" sizes=\"auto, (max-width: 792px) 100vw, 792px\" \/> <a href=\"https:\/\/www.eventbrite.com\/e\/fiesta-en-la-plaza-cinefest-latino-tickets-706077144747?aff=oddtdtcreator\"><img loading=\"lazy\" decoding=\"async\" class=\"alignleft wp-image-417 size-large\" src=\"https:\/\/websites.emerson.edu\/celebrate-diversity\/wp-content\/uploads\/sites\/26\/2024\/03\/unnamed-1-2-1024x510.png\" alt=\"Flyer for Fiesta en La Plaza: Latinx Heritage Month, Boston, Thursday, October 5, Cinefest Latino at Civic Pavilion, 3pm - 8pm.\" width=\"690\" height=\"344\" srcset=\"https:\/\/websites.emerson.edu\/celebrate-diversity\/wp-content\/uploads\/sites\/26\/2024\/03\/unnamed-1-2-1024x510.png 1024w, https:\/\/websites.emerson.edu\/celebrate-diversity\/wp-content\/uploads\/sites\/26\/2024\/03\/unnamed-1-2-300x150.png 300w, https:\/\/websites.emerson.edu\/celebrate-diversity\/wp-content\/uploads\/sites\/26\/2024\/03\/unnamed-1-2-768x383.png 768w, https:\/\/websites.emerson.edu\/celebrate-diversity\/wp-content\/uploads\/sites\/26\/2024\/03\/unnamed-1-2.png 1200w\" sizes=\"auto, (max-width: 690px) 100vw, 690px\" \/><\/a> <a href=\"https:\/\/emconnect.emerson.edu\/event\/9352219\"><img loading=\"lazy\" decoding=\"async\" class=\"alignleft wp-image-418 size-large\" src=\"https:\/\/websites.emerson.edu\/celebrate-diversity\/wp-content\/uploads\/sites\/26\/2024\/03\/unnamed-2-1-1024x345.png\" alt=\"Flyer for Salsa Class, Wednesday October 11, 7 - 8pm, Location: The Judee (SPC Theater) 80 Boylston St.\" width=\"690\" height=\"232\" srcset=\"https:\/\/websites.emerson.edu\/celebrate-diversity\/wp-content\/uploads\/sites\/26\/2024\/03\/unnamed-2-1-1024x345.png 1024w, https:\/\/websites.emerson.edu\/celebrate-diversity\/wp-content\/uploads\/sites\/26\/2024\/03\/unnamed-2-1-300x101.png 300w, https:\/\/websites.emerson.edu\/celebrate-diversity\/wp-content\/uploads\/sites\/26\/2024\/03\/unnamed-2-1-768x259.png 768w, https:\/\/websites.emerson.edu\/celebrate-diversity\/wp-content\/uploads\/sites\/26\/2024\/03\/unnamed-2-1.png 1200w\" sizes=\"auto, (max-width: 690px) 100vw, 690px\" \/><\/a><\/p>\n<h1 style=\"text-align: left\">Emerson Community Resources<\/h1>\n<p><a href=\"https:\/\/www.instagram.com\/amigosemerson\/\"><img loading=\"lazy\" decoding=\"async\" class=\"alignleft wp-image-419 size-large\" src=\"https:\/\/websites.emerson.edu\/celebrate-diversity\/wp-content\/uploads\/sites\/26\/2024\/03\/unnamed-6-1024x684.png\" alt=\"Amigos Instagram images and logo.\" width=\"690\" height=\"461\" srcset=\"https:\/\/websites.emerson.edu\/celebrate-diversity\/wp-content\/uploads\/sites\/26\/2024\/03\/unnamed-6-1024x684.png 1024w, https:\/\/websites.emerson.edu\/celebrate-diversity\/wp-content\/uploads\/sites\/26\/2024\/03\/unnamed-6-300x200.png 300w, https:\/\/websites.emerson.edu\/celebrate-diversity\/wp-content\/uploads\/sites\/26\/2024\/03\/unnamed-6-768x513.png 768w, https:\/\/websites.emerson.edu\/celebrate-diversity\/wp-content\/uploads\/sites\/26\/2024\/03\/unnamed-6-225x150.png 225w, https:\/\/websites.emerson.edu\/celebrate-diversity\/wp-content\/uploads\/sites\/26\/2024\/03\/unnamed-6.png 1200w\" sizes=\"auto, (max-width: 690px) 100vw, 690px\" \/><\/a> <a href=\"https:\/\/www.instagram.com\/raizlatinoamericana\/\"><img loading=\"lazy\" decoding=\"async\" class=\"alignleft wp-image-420 size-large\" src=\"https:\/\/websites.emerson.edu\/celebrate-diversity\/wp-content\/uploads\/sites\/26\/2024\/03\/unnamed-1-3-1024x683.png\" alt=\"Raiz Instagram images and logo.\" width=\"690\" height=\"460\" srcset=\"https:\/\/websites.emerson.edu\/celebrate-diversity\/wp-content\/uploads\/sites\/26\/2024\/03\/unnamed-1-3-1024x683.png 1024w, https:\/\/websites.emerson.edu\/celebrate-diversity\/wp-content\/uploads\/sites\/26\/2024\/03\/unnamed-1-3-300x200.png 300w, https:\/\/websites.emerson.edu\/celebrate-diversity\/wp-content\/uploads\/sites\/26\/2024\/03\/unnamed-1-3-768x512.png 768w, https:\/\/websites.emerson.edu\/celebrate-diversity\/wp-content\/uploads\/sites\/26\/2024\/03\/unnamed-1-3-225x150.png 225w, https:\/\/websites.emerson.edu\/celebrate-diversity\/wp-content\/uploads\/sites\/26\/2024\/03\/unnamed-1-3.png 1200w\" sizes=\"auto, (max-width: 690px) 100vw, 690px\" \/><\/a> <a href=\"https:\/\/guides.library.emerson.edu\/HispanicHeritageMonth\"><img loading=\"lazy\" decoding=\"async\" class=\"alignleft wp-image-421 size-large\" src=\"https:\/\/websites.emerson.edu\/celebrate-diversity\/wp-content\/uploads\/sites\/26\/2024\/03\/unnamed-2-2-1024x277.png\" alt=\"Landing page of Iwasaki Library's National Hispanic Heritage Month lib guide. \" width=\"690\" height=\"187\" srcset=\"https:\/\/websites.emerson.edu\/celebrate-diversity\/wp-content\/uploads\/sites\/26\/2024\/03\/unnamed-2-2-1024x277.png 1024w, https:\/\/websites.emerson.edu\/celebrate-diversity\/wp-content\/uploads\/sites\/26\/2024\/03\/unnamed-2-2-300x81.png 300w, https:\/\/websites.emerson.edu\/celebrate-diversity\/wp-content\/uploads\/sites\/26\/2024\/03\/unnamed-2-2-768x208.png 768w, https:\/\/websites.emerson.edu\/celebrate-diversity\/wp-content\/uploads\/sites\/26\/2024\/03\/unnamed-2-2.png 1200w\" sizes=\"auto, (max-width: 690px) 100vw, 690px\" \/><\/a> <a href=\"https:\/\/today.emerson.edu\/2023\/06\/21\/emerson-emerging-journalists-awarded-nahj-fellowship\/\"><img loading=\"lazy\" decoding=\"async\" class=\"alignleft wp-image-487 size-large\" src=\"https:\/\/websites.emerson.edu\/celebrate-diversity\/wp-content\/uploads\/sites\/26\/2024\/03\/Screenshot-2024-08-28-at-4.17.42\u202fPM-1024x243.png\" alt=\"Emerson Today article about Emerson Emerging Journalists Awarded National Association of Hispanic Journalists (NAHJ) Fellowship \" width=\"690\" height=\"164\" srcset=\"https:\/\/websites.emerson.edu\/celebrate-diversity\/wp-content\/uploads\/sites\/26\/2024\/03\/Screenshot-2024-08-28-at-4.17.42\u202fPM-1024x243.png 1024w, https:\/\/websites.emerson.edu\/celebrate-diversity\/wp-content\/uploads\/sites\/26\/2024\/03\/Screenshot-2024-08-28-at-4.17.42\u202fPM-300x71.png 300w, https:\/\/websites.emerson.edu\/celebrate-diversity\/wp-content\/uploads\/sites\/26\/2024\/03\/Screenshot-2024-08-28-at-4.17.42\u202fPM-768x182.png 768w, https:\/\/websites.emerson.edu\/celebrate-diversity\/wp-content\/uploads\/sites\/26\/2024\/03\/Screenshot-2024-08-28-at-4.17.42\u202fPM.png 1170w\" sizes=\"auto, (max-width: 690px) 100vw, 690px\" \/><\/a><\/p>\n<h1 style=\"text-align: left\">Learn More<\/h1>\n<p><a href=\"https:\/\/www.babbel.com\/en\/magazine\/latinx-hispanic-heritage-month\"><img loading=\"lazy\" decoding=\"async\" class=\"alignleft wp-image-424 size-large\" src=\"https:\/\/websites.emerson.edu\/celebrate-diversity\/wp-content\/uploads\/sites\/26\/2024\/03\/unnamed-7-1024x742.png\" alt=\"Article from Babbel: Is It National Latinx Or Hispanic Heritage Month, And Why Does It Matter? by Esteban Touma, September 27, 2021.\" width=\"690\" height=\"500\" srcset=\"https:\/\/websites.emerson.edu\/celebrate-diversity\/wp-content\/uploads\/sites\/26\/2024\/03\/unnamed-7-1024x742.png 1024w, https:\/\/websites.emerson.edu\/celebrate-diversity\/wp-content\/uploads\/sites\/26\/2024\/03\/unnamed-7-300x217.png 300w, https:\/\/websites.emerson.edu\/celebrate-diversity\/wp-content\/uploads\/sites\/26\/2024\/03\/unnamed-7-768x556.png 768w, https:\/\/websites.emerson.edu\/celebrate-diversity\/wp-content\/uploads\/sites\/26\/2024\/03\/unnamed-7-207x150.png 207w, https:\/\/websites.emerson.edu\/celebrate-diversity\/wp-content\/uploads\/sites\/26\/2024\/03\/unnamed-7.png 1200w\" sizes=\"auto, (max-width: 690px) 100vw, 690px\" \/><\/a> <a href=\"https:\/\/callmelatine.wordpress.com\/\"><img loading=\"lazy\" decoding=\"async\" class=\"alignleft wp-image-425 size-large\" src=\"https:\/\/websites.emerson.edu\/celebrate-diversity\/wp-content\/uploads\/sites\/26\/2024\/03\/unnamed-2-3-1024x479.png\" alt=\"Header from website Call Me Latine featuring confetti in a rainbow pattern in the background.\" width=\"690\" height=\"323\" srcset=\"https:\/\/websites.emerson.edu\/celebrate-diversity\/wp-content\/uploads\/sites\/26\/2024\/03\/unnamed-2-3-1024x479.png 1024w, https:\/\/websites.emerson.edu\/celebrate-diversity\/wp-content\/uploads\/sites\/26\/2024\/03\/unnamed-2-3-300x140.png 300w, https:\/\/websites.emerson.edu\/celebrate-diversity\/wp-content\/uploads\/sites\/26\/2024\/03\/unnamed-2-3-768x359.png 768w, https:\/\/websites.emerson.edu\/celebrate-diversity\/wp-content\/uploads\/sites\/26\/2024\/03\/unnamed-2-3.png 1200w\" sizes=\"auto, (max-width: 690px) 100vw, 690px\" \/><\/a> <a href=\"https:\/\/folklife.si.edu\/magazine\/bomba-resistance-puerto-rico\"><img loading=\"lazy\" decoding=\"async\" class=\"alignleft wp-image-426 size-large\" src=\"https:\/\/websites.emerson.edu\/celebrate-diversity\/wp-content\/uploads\/sites\/26\/2024\/03\/unnamed-3-2-1024x467.png\" alt=\"The Sound of Resistence in Puerto Rico: Bomba Connects La Perla Community. April 27 2022, by Mariana N\u00fa\u00f1ez Lozada. Poem: Campo yo vivo triste \/ Cada d\u00eda sufriendo m\u00e1s \/ Ay D\u00edo qu\u00e9 ser\u00e1 de m\u00ed? \/ Si no bailo esta bomba, \/ Me voy a morir. Translation: Field, I live in sadness. Every day, I suffer more. Oh God, what will become of me? If I don't dance this bomba, I'm going to die. Refrain from a traditional bomba song.\" width=\"690\" height=\"315\" srcset=\"https:\/\/websites.emerson.edu\/celebrate-diversity\/wp-content\/uploads\/sites\/26\/2024\/03\/unnamed-3-2-1024x467.png 1024w, https:\/\/websites.emerson.edu\/celebrate-diversity\/wp-content\/uploads\/sites\/26\/2024\/03\/unnamed-3-2-300x137.png 300w, https:\/\/websites.emerson.edu\/celebrate-diversity\/wp-content\/uploads\/sites\/26\/2024\/03\/unnamed-3-2-768x350.png 768w, https:\/\/websites.emerson.edu\/celebrate-diversity\/wp-content\/uploads\/sites\/26\/2024\/03\/unnamed-3-2.png 1200w\" sizes=\"auto, (max-width: 690px) 100vw, 690px\" \/><\/a> <a href=\"https:\/\/www.nytimes.com\/2022\/05\/20\/world\/americas\/haiti-history-colonized-france.html\"><img loading=\"lazy\" decoding=\"async\" class=\"alignleft wp-image-427 size-large\" src=\"https:\/\/websites.emerson.edu\/celebrate-diversity\/wp-content\/uploads\/sites\/26\/2024\/03\/unnamed-8-1024x522.png\" alt=\"New York Times article about the Haitian Revolution\" width=\"690\" height=\"352\" srcset=\"https:\/\/websites.emerson.edu\/celebrate-diversity\/wp-content\/uploads\/sites\/26\/2024\/03\/unnamed-8-1024x522.png 1024w, https:\/\/websites.emerson.edu\/celebrate-diversity\/wp-content\/uploads\/sites\/26\/2024\/03\/unnamed-8-300x153.png 300w, https:\/\/websites.emerson.edu\/celebrate-diversity\/wp-content\/uploads\/sites\/26\/2024\/03\/unnamed-8-768x392.png 768w, https:\/\/websites.emerson.edu\/celebrate-diversity\/wp-content\/uploads\/sites\/26\/2024\/03\/unnamed-8-294x150.png 294w, https:\/\/websites.emerson.edu\/celebrate-diversity\/wp-content\/uploads\/sites\/26\/2024\/03\/unnamed-8.png 1200w\" sizes=\"auto, (max-width: 690px) 100vw, 690px\" \/><\/a> <a href=\"https:\/\/translatorswithoutborders.org\/language-data-by-country\/\"><img loading=\"lazy\" decoding=\"async\" class=\"alignleft wp-image-428 size-large\" src=\"https:\/\/websites.emerson.edu\/celebrate-diversity\/wp-content\/uploads\/sites\/26\/2024\/03\/unnamed-1-4-1024x402.png\" alt=\"Website Translators Without Borders link to Language Data by Country.\" width=\"690\" height=\"271\" srcset=\"https:\/\/websites.emerson.edu\/celebrate-diversity\/wp-content\/uploads\/sites\/26\/2024\/03\/unnamed-1-4-1024x402.png 1024w, https:\/\/websites.emerson.edu\/celebrate-diversity\/wp-content\/uploads\/sites\/26\/2024\/03\/unnamed-1-4-300x118.png 300w, https:\/\/websites.emerson.edu\/celebrate-diversity\/wp-content\/uploads\/sites\/26\/2024\/03\/unnamed-1-4-768x301.png 768w, https:\/\/websites.emerson.edu\/celebrate-diversity\/wp-content\/uploads\/sites\/26\/2024\/03\/unnamed-1-4.png 1200w\" sizes=\"auto, (max-width: 690px) 100vw, 690px\" \/><\/a><\/p>\n","protected":false},"excerpt":{"rendered":"<p>\u00a1Saludes! From September 15 through October 15, we celebrate Latin\u00e9 and Hispanic Heritage Month. It is a time to amplify the contributions and rich culture of our Emerson community members <a class=\"more-link\" href=\"https:\/\/websites.emerson.edu\/celebrate-diversity\/2023\/09\/29\/latine-and-hispanic-heritage-month-fall-2023\/\">&#8230;<\/a><\/p>\n","protected":false},"author":3159,"featured_media":486,"comment_status":"closed","ping_status":"open","sticky":false,"template":"","format":"video","meta":{"_jetpack_memberships_contains_paid_content":false,"footnotes":""},"categories":[11],"tags":[123,122,112,121,120,124],"class_list":["post-412","post","type-post","status-publish","format-video","has-post-thumbnail","hentry","category-emerson-heritage-months","tag-amigos","tag-hispanic","tag-history","tag-latine","tag-latine-and-hispanic-heritage-month","tag-raiz","post_format-post-format-video"],"jetpack_featured_media_url":"https:\/\/websites.emerson.edu\/celebrate-diversity\/wp-content\/uploads\/sites\/26\/2024\/03\/Copy-of-Celebrate-Diversity-Email-Headers-7.png","jetpack_sharing_enabled":true,"_links":{"self":[{"href":"https:\/\/websites.emerson.edu\/celebrate-diversity\/wp-json\/wp\/v2\/posts\/412","targetHints":{"allow":["GET"]}}],"collection":[{"href":"https:\/\/websites.emerson.edu\/celebrate-diversity\/wp-json\/wp\/v2\/posts"}],"about":[{"href":"https:\/\/websites.emerson.edu\/celebrate-diversity\/wp-json\/wp\/v2\/types\/post"}],"author":[{"embeddable":true,"href":"https:\/\/websites.emerson.edu\/celebrate-diversity\/wp-json\/wp\/v2\/users\/3159"}],"replies":[{"embeddable":true,"href":"https:\/\/websites.emerson.edu\/celebrate-diversity\/wp-json\/wp\/v2\/comments?post=412"}],"version-history":[{"count":7,"href":"https:\/\/websites.emerson.edu\/celebrate-diversity\/wp-json\/wp\/v2\/posts\/412\/revisions"}],"predecessor-version":[{"id":495,"href":"https:\/\/websites.emerson.edu\/celebrate-diversity\/wp-json\/wp\/v2\/posts\/412\/revisions\/495"}],"wp:featuredmedia":[{"embeddable":true,"href":"https:\/\/websites.emerson.edu\/celebrate-diversity\/wp-json\/wp\/v2\/media\/486"}],"wp:attachment":[{"href":"https:\/\/websites.emerson.edu\/celebrate-diversity\/wp-json\/wp\/v2\/media?parent=412"}],"wp:term":[{"taxonomy":"category","embeddable":true,"href":"https:\/\/websites.emerson.edu\/celebrate-diversity\/wp-json\/wp\/v2\/categories?post=412"},{"taxonomy":"post_tag","embeddable":true,"href":"https:\/\/websites.emerson.edu\/celebrate-diversity\/wp-json\/wp\/v2\/tags?post=412"}],"curies":[{"name":"wp","href":"https:\/\/api.w.org\/{rel}","templated":true}]}}