{"id":663,"date":"2024-12-18T12:00:42","date_gmt":"2024-12-18T12:00:42","guid":{"rendered":"https:\/\/websites.emerson.edu\/celebrate-diversity\/?p=663"},"modified":"2025-01-15T14:40:49","modified_gmt":"2025-01-15T14:40:49","slug":"spiritual-seasonal-observances-winter-2024-2025","status":"publish","type":"post","link":"https:\/\/websites.emerson.edu\/celebrate-diversity\/2024\/12\/18\/spiritual-seasonal-observances-winter-2024-2025\/","title":{"rendered":"Spiritual Seasonal Observances: Winter 2024-2025"},"content":{"rendered":"<p><span style=\"color: #000000\">Emersonians,<\/span><\/p>\n<p><span style=\"color: #000000\">We send warm greetings to each of you.<\/span><\/p>\n<p><span style=\"color: #000000\">The end of the fall semester closes the first half of our academic year. The upcoming break provides an opportunity for respite and reflection, and we hope you find space to celebrate accomplishments and share joy with loved ones.\u00a0<\/span><\/p>\n<p><span style=\"color: #000000\">We also take this opportunity to share information about times of worship, celebration, and traditions of some of the many religious, spiritual, and cultural holidays and observances that come between December and February.<\/span><\/p>\n<p><span style=\"color: #000000\">We encourage you to explore your own way of finding comfort and connection this season.<\/span><\/p>\n<p><img decoding=\"async\" class=\"aligncenter\" src=\"https:\/\/ci3.googleusercontent.com\/meips\/ADKq_NZ6xtQn5BvQgC4Qyxw2AqMpSeRo5c0scOxXiazirsaceYSJfMu03M_Tr1E_CK-AkROw0gLWQa4xDnft3FiTbjN_W-C7OBi_pg=s0-d-e1-ft#https:\/\/share1.cloudhq-mkt3.net\/ac6591f0c3d0cb.png\" alt=\"A red leaf hangs from a branch covered in ice crystals.\" \/><\/p>\n<h2 style=\"text-align: center\"><span style=\"color: #333300\">Multifaith Observance Resources<\/span><\/h2>\n<p><span style=\"color: #000000\">A reminder that the<\/span>\u00a0<a href=\"https:\/\/calendar.google.com\/calendar\/u\/0?cid=Y18zZDVmYzQwMmNmOTg4MjdlNGYyOTRiMmNlMTkyZmYxYTVlMjczZjRkZDM4ZGQzMTM4ZWRlYzhlODE3Mzg0Zjc1QGdyb3VwLmNhbGVuZGFyLmdvb2dsZS5jb20\" target=\"_blank\" rel=\"noopener\" data-saferedirecturl=\"https:\/\/www.google.com\/url?q=https:\/\/calendar.google.com\/calendar\/u\/0?cid%3DY18zZDVmYzQwMmNmOTg4MjdlNGYyOTRiMmNlMTkyZmYxYTVlMjczZjRkZDM4ZGQzMTM4ZWRlYzhlODE3Mzg0Zjc1QGdyb3VwLmNhbGVuZGFyLmdvb2dsZS5jb20&amp;source=gmail&amp;ust=1734112228438000&amp;usg=AOvVaw1wSvvg6VC9wA14w_nnkkKE\">Multifaith Observance Google Calendar<\/a>\u00a0c<span style=\"color: #000000\">an be synced to your personal Gmail account. The Multifaith Observance Google Calendar displays information on important religious and spiritual dates, as well as restrictions to note when planning campus events, course deadlines, meetings, or programs. The detailed spreadsheet list of these dates is also available at<\/span>\u00a0<a href=\"https:\/\/docs.google.com\/spreadsheets\/d\/1WB00rHX9MK5-IHQhjNqbauzEAkcBN1zCIkWOEBsqi8o\/edit?usp=sharing\" target=\"_blank\" rel=\"noopener\" data-saferedirecturl=\"https:\/\/www.google.com\/url?q=https:\/\/docs.google.com\/spreadsheets\/d\/1WB00rHX9MK5-IHQhjNqbauzEAkcBN1zCIkWOEBsqi8o\/edit?usp%3Dsharing&amp;source=gmail&amp;ust=1734112228438000&amp;usg=AOvVaw2r49b5QB1WdBAnnzBGyh0t\">Multifaith Holidays through Academic Year 2027<\/a><span style=\"color: #000000\">. This resource from the<\/span>\u00a0<a href=\"https:\/\/emerson.edu\/departments\/spiritual-life\" target=\"_blank\" rel=\"noopener\" data-saferedirecturl=\"https:\/\/www.google.com\/url?q=https:\/\/emerson.edu\/departments\/spiritual-life&amp;source=gmail&amp;ust=1734112228438000&amp;usg=AOvVaw1G5_v7mu_EM382EXU74HFK\">Center of Spiritual Life<\/a><span style=\"color: #000000\">, based on resources from Harvard Divinity School, provides vital information. Please remember that our<\/span>\u00a0<a href=\"https:\/\/emerson.edu\/policies\/religious-observance-attendance#:~:text=Massachusetts%20law%20and%20Emerson%20College,provided%20such%20accommodation%20does%20not\" target=\"_blank\" rel=\"noopener\" data-saferedirecturl=\"https:\/\/www.google.com\/url?q=https:\/\/emerson.edu\/policies\/religious-observance-attendance%23:~:text%3DMassachusetts%2520law%2520and%2520Emerson%2520College,provided%2520such%2520accommodation%2520does%2520not&amp;source=gmail&amp;ust=1734112228438000&amp;usg=AOvVaw3J0T_rvm7k1_6AyZb5PKp6\">Religious Observance Policy<\/a>\u00a0<span style=\"color: #000000\">exists so that holidays can be recognized and honored by members of our community.<\/span><\/p>\n<p><span style=\"color: #000000\">Please know that these lists and descriptions are a work in progress; even within faith communities there is diversity as to how and when people mark ceremonies and rituals. Please do not hesitate to reach out to us at<\/span>\u00a0<a href=\"mailto:celebratediversity@emerson.edu\" target=\"_blank\" rel=\"noopener\">celebratediversity@emerson.edu<\/a>\u00a0<span style=\"color: #000000\">if we have inadvertently missed or erred in any of the information in this communication.<\/span><\/p>\n<p><span style=\"color: #000000\"><a href=\"https:\/\/bit.ly\/multifaithcal\" target=\"_blank\" rel=\"noopener\" data-saferedirecturl=\"https:\/\/www.google.com\/url?q=https:\/\/bit.ly\/multifaithcal&amp;source=gmail&amp;ust=1734112228438000&amp;usg=AOvVaw3UDksLAcIEODKYr9q5bPR3\"><img loading=\"lazy\" decoding=\"async\" class=\"CToWUd aligncenter\" title=\"Multifaith Observance Google Calendar. Text: Click to Add - Multifaith Observance Google Calendar - bit.ly\/multifaithcal\" src=\"https:\/\/ci3.googleusercontent.com\/meips\/ADKq_NYT1jyP9ZyUmvvmrgEt3qstgedi_2TM1mk3bFam-62tG5tLrazllfQX9g3Cni2Y9ErBSq4MSZLiYFLxYdvpR-UlCUbLr4KjZQ=s0-d-e1-ft#https:\/\/share1.cloudhq-mkt3.net\/e3cd9147e63268.png\" alt=\"Multifaith Observance Google Calendar. Text: Click to Add - Multifaith Observance Google Calendar - bit.ly\/multifaithcal\" width=\"580\" height=\"675\" align=\"center\" border=\"0\" data-bit=\"iit\" \/><\/a><\/span><\/p>\n<hr \/>\n<h2 style=\"text-align: center\"><span style=\"color: #333333\">Winter Spiritual Observances and Holidays<\/span><\/h2>\n<p style=\"text-align: center\"><span style=\"color: #333333\"><strong>Winter Solstice and\/or Yule (Pagan)<\/strong><\/span><\/p>\n<ul>\n<li><span style=\"color: #333333\">Saturday, December 21.<\/span><img loading=\"lazy\" decoding=\"async\" class=\"alignright\" src=\"https:\/\/ci3.googleusercontent.com\/meips\/ADKq_NaDwbPw9g429FF9sTbw4m2537xoLib-EM1qQkrzIDNFQOHos7tNw8T17iZ2PSDkY1BDlRbwsSzUdQ586XIaW4lWZVNV=s0-d-e1-ft#https:\/\/share1.cloudhq-mkt3.net\/975e6739543709\" alt=\"Sunset between trees.\" width=\"283\" height=\"202\" \/><\/li>\n<li><span style=\"color: #333333\">Winter Solstice: A solar holiday in the Northern Hemisphere, the longest nightof the year.<\/span><\/li>\n<li><span style=\"color: #333333\">Yule: One of the oldest winter solstice festivals, with origins from thousands of years ago.<\/span><\/li>\n<li><span style=\"color: #333333\">Learn More:\u00a0<\/span><a href=\"https:\/\/www.britannica.com\/topic\/Yule-festival\" target=\"_blank\" rel=\"noopener\" data-saferedirecturl=\"https:\/\/www.google.com\/url?q=https:\/\/www.britannica.com\/topic\/Yule-festival&amp;source=gmail&amp;ust=1734112228439000&amp;usg=AOvVaw0oiMVOZHlRu5n629D7LtDv\">Yule Festival<\/a><\/li>\n<\/ul>\n<p>&nbsp;<\/p>\n<hr \/>\n<p style=\"text-align: center\"><span style=\"color: #333333\"><strong>Joseph Smith\u2019s Birthday (Latter Day Saints)<\/strong><\/span><\/p>\n<ul>\n<li><span style=\"color: #333333\">Saturday, December 23. <img loading=\"lazy\" decoding=\"async\" class=\"alignright\" src=\"https:\/\/ci3.googleusercontent.com\/meips\/ADKq_NYIdGHFf-fW6IwXIr0-8VVeHfQEtLyyHOxYdsUD1W_JdG2DjKAVT7usmkNFQCaCUmh2ZGYkt4zwCKoy71YdCpsFeNZA=s0-d-e1-ft#https:\/\/share1.cloudhq-mkt3.net\/201968220891b4\" alt=\"Statue atop a Latter Day Saints temple.\" width=\"280\" height=\"132\" \/><\/span><\/li>\n<li><span style=\"color: #333333\">Celebration of the birthday of the founder of the The Church of Jesus Christ of Latter-Day Saints.<\/span><\/li>\n<li><span style=\"color: #333333\">Learn More:<\/span>\u00a0<a href=\"https:\/\/www.pbs.org\/americanprophet\/joseph-smith.html\" target=\"_blank\" rel=\"noopener\" data-saferedirecturl=\"https:\/\/www.google.com\/url?q=https:\/\/www.pbs.org\/americanprophet\/joseph-smith.html&amp;source=gmail&amp;ust=1734112228439000&amp;usg=AOvVaw0G95Q1sTkevAafL_TLJZk2\">Joseph Smith<\/a><\/li>\n<\/ul>\n<p>&nbsp;<\/p>\n<hr \/>\n<p style=\"text-align: center\"><span style=\"color: #333333\"><strong>Hanukkah (Jewish)<\/strong><\/span><\/p>\n<p><img loading=\"lazy\" decoding=\"async\" class=\"alignright\" src=\"https:\/\/ci3.googleusercontent.com\/meips\/ADKq_Nb3aDrlSVako0C-WNXW6IaSqecUqkC7tbqikDBipmrf25PzH52NxNuh6zEB5XPMyjEhAoB0iZN3qhuHfp5PMzsr87LoZZzwwA=s0-d-e1-ft#https:\/\/share1.cloudhq-mkt3.net\/ee29f51f004e39.png\" alt=\"Glass menorah with candles for Hanukkah.\" width=\"279\" height=\"135\" \/><\/p>\n<ul>\n<li><span style=\"color: #333333\">Evening of Wednesday, December 25\u2013Thursday, January 2.<\/span><\/li>\n<li><span style=\"color: #333333\">Hebrew for &#8220;dedication,&#8221; also known as the Festival of Lights.<\/span><\/li>\n<li><span style=\"color: #333333\">Learn More:<\/span>\u00a0<a href=\"https:\/\/www.myjewishlearning.com\/article\/hanukkah-history\/\" target=\"_blank\" rel=\"noopener\" data-saferedirecturl=\"https:\/\/www.google.com\/url?q=https:\/\/www.myjewishlearning.com\/article\/hanukkah-history\/&amp;source=gmail&amp;ust=1734112228439000&amp;usg=AOvVaw0BeBlGUlw_EM6OL9Zo6AOF\">The History of Hanukkah<\/a><span style=\"color: #333333\">.<\/span><\/li>\n<\/ul>\n<p>&nbsp;<\/p>\n<hr \/>\n<p style=\"text-align: center\"><span style=\"color: #333333\"><strong>Christmas (Christian, Buddhist)<\/strong><\/span><\/p>\n<p><img loading=\"lazy\" decoding=\"async\" class=\"alignright\" src=\"https:\/\/ci3.googleusercontent.com\/meips\/ADKq_NahYrcz5e8GOfU6Oa-xQGX0nsot093RZyCqOkUij54QiqnQHKLFFAC6ylqPZJnpr8hj0-FvPQSwXvLM7rWj8tPfJGqe7v9Ucng=s0-d-e1-ft#https:\/\/share1.cloudhq-mkt3.net\/890e933440df1d.jpeg\" alt=\"Ornaments on a tree, including a red telephone box, and wrapped decorations.\" width=\"275\" height=\"183\" \/><\/p>\n<ul>\n<li><span style=\"color: #333333\">Wednesday, December 25.<\/span><\/li>\n<li><span style=\"color: #333333\">Orthodox Christians celebrate Christmas on Tuesday, January 7.<\/span><\/li>\n<li><span style=\"color: #333333\">Annual observance of the birth of Jesus Christ.<\/span><\/li>\n<li><span style=\"color: #333333\">Learn More:\u00a0<\/span><a href=\"https:\/\/readthespirit.com\/religious-holidays-festivals\/nativity-fast-eastern-orthodox-christians-prepare-for-season-of-christs-birth\/\" target=\"_blank\" rel=\"noopener\" data-saferedirecturl=\"https:\/\/www.google.com\/url?q=https:\/\/readthespirit.com\/religious-holidays-festivals\/nativity-fast-eastern-orthodox-christians-prepare-for-season-of-christs-birth\/&amp;source=gmail&amp;ust=1734112228439000&amp;usg=AOvVaw3uDkLCgQSjPlIC4omnrrcm\">Nativity Fast<\/a><span style=\"color: #333333\">.\u00a0<\/span><\/li>\n<\/ul>\n<p>&nbsp;<\/p>\n<hr \/>\n<p style=\"text-align: center\"><span style=\"color: #333333\"><strong>Kwanzaa (African-American, Pan-African)<\/strong><\/span><\/p>\n<p><img loading=\"lazy\" decoding=\"async\" class=\"alignright\" src=\"https:\/\/ci3.googleusercontent.com\/meips\/ADKq_Nbuo1L3j0P0YK3uesSy5mRL1nwm7PQ7tVVwLG1IH93AqsCOHGTUulAYj-qlXxGYmCVeJRsmfe0wVXKbUPoXvtFx_vG27OOBUg=s0-d-e1-ft#https:\/\/share1.cloudhq-mkt3.net\/07eb1f219215e7.png\" alt=\"Kinara holding 7 candles with banner &quot;Happy Kwanzaa.&quot;\" width=\"273\" height=\"169\" \/><\/p>\n<ul>\n<li><span style=\"color: #333333\">Thursday, December 26\u2013Wednesday, January 1.<\/span><\/li>\n<li><span style=\"color: #333333\">Week-long celebration of African thought, practice, community, culture and heritage.<\/span><\/li>\n<li><span style=\"color: #333333\">Learn More:<\/span>\u00a0<a href=\"https:\/\/nmaahc.si.edu\/explore\/initiatives\/kwanzaa\" target=\"_blank\" rel=\"noopener\" data-saferedirecturl=\"https:\/\/www.google.com\/url?q=https:\/\/nmaahc.si.edu\/explore\/initiatives\/kwanzaa&amp;source=gmail&amp;ust=1734112228439000&amp;usg=AOvVaw3N1XLcO66VKPkpA1musoGe\">National Museum of African American History: Kwanzaa<\/a><\/li>\n<\/ul>\n<p>&nbsp;<\/p>\n<hr \/>\n<p style=\"text-align: center\"><span style=\"color: #333333\"><strong>Pongal (Hindu)<\/strong><\/span><\/p>\n<p><img loading=\"lazy\" decoding=\"async\" class=\"alignright\" src=\"https:\/\/ci3.googleusercontent.com\/meips\/ADKq_NbPj6Um2Ei16m3a9QpXtRJRbR1Opq1BRjN9DIE6qRYPwIg9mQXgRzwm7dEXZDw8bVclPGm5HJsox6Ujr96KE39y1C33EL1t0g=s0-d-e1-ft#https:\/\/share1.cloudhq-mkt3.net\/b3e95c58cf622e.png\" alt=\"Red flags and a clay pot overflowing with rice.\" width=\"271\" height=\"203\" \/><\/p>\n<ul>\n<li><span style=\"color: #333333\">Tuesday, January 14-Friday, January 17.<\/span><\/li>\n<li><span style=\"color: #333333\">A multi-day festival celebration to thank the Sun, Mother Nature, and farm animals that help to contribute to a bountiful harvest.<\/span><\/li>\n<li><span style=\"color: #333333\">Learn More:\u00a0<\/span><a href=\"https:\/\/www.ndtv.com\/offbeat\/pongal-2024-know-the-dates-history-and-significance-of-south-indias-harvest-festival-4865242\" target=\"_blank\" rel=\"noopener\" data-saferedirecturl=\"https:\/\/www.google.com\/url?q=https:\/\/www.ndtv.com\/offbeat\/pongal-2024-know-the-dates-history-and-significance-of-south-indias-harvest-festival-4865242&amp;source=gmail&amp;ust=1734112228439000&amp;usg=AOvVaw1nzKfBHs5B6v2ly870OsO1\">Pongal 2024<\/a><span style=\"color: #333333\">.<\/span><\/li>\n<\/ul>\n<p>&nbsp;<\/p>\n<p>&nbsp;<\/p>\n<hr \/>\n<h4 style=\"text-align: center\"><span style=\"color: #333333\"><strong>Lunar New Year (East Asian)<\/strong><\/span><\/h4>\n<ul>\n<li><span style=\"color: #333333\">Wednesday, January 29.<img loading=\"lazy\" decoding=\"async\" class=\"alignright\" src=\"https:\/\/ci3.googleusercontent.com\/meips\/ADKq_Na6PcvVNPz3o301n9e__VEt9oOlzeTwJbDqMHRHnXJvSj4rNkBx9GZbWIF9lhyrz8BDE4DsXCYWZBdPsyHujjtCgjyUirzbVGQ=s0-d-e1-ft#https:\/\/share1.cloudhq-mkt3.net\/7ad5f121e8cef1.jpeg\" alt=\"Lanterns hanging above a street for Lunar New Year.\" width=\"269\" height=\"179\" \/><\/span><\/li>\n<li><span style=\"color: #333333\">Most important holiday in China and widely celebrated in many Asian cultures; marks the arrival of spring and the beginning of a new year on the lunisolar calendar.<\/span><\/li>\n<li><span style=\"color: #333333\">Learn More:\u00a0<\/span><a href=\"https:\/\/www.rmg.co.uk\/stories\/topics\/lunar-new-year-dates-animals-zodiac\" target=\"_blank\" rel=\"noopener\" data-saferedirecturl=\"https:\/\/www.google.com\/url?q=https:\/\/www.rmg.co.uk\/stories\/topics\/lunar-new-year-dates-animals-zodiac&amp;source=gmail&amp;ust=1734112228439000&amp;usg=AOvVaw3zsXYADjXVIvENuFR0U33t\">What is Lunar New Year?<\/a><\/li>\n<\/ul>\n<p>&nbsp;<\/p>\n<hr \/>\n<p style=\"text-align: center\"><span style=\"color: #333333\"><strong>Ayy\u00e1m-i-H\u00e1 (Bah\u00e1\u02bc\u00ed)<\/strong><\/span><\/p>\n<ul>\n<li><span style=\"color: #333333\">Tuesday, February 25\u2013Friday, February 28.<img loading=\"lazy\" decoding=\"async\" class=\"alignright\" src=\"https:\/\/ci3.googleusercontent.com\/meips\/ADKq_NZhe5YfsWA6bkbSzoBGUgk6fd3NrpC5upP_Jj2MofQo9nkWqACRjTdCtU_RNNE6QJI3AMB8N3NUSCwZjHjLw-4VoBZ4lbCGvw=s0-d-e1-ft#https:\/\/share1.cloudhq-mkt3.net\/d3a3c73757d25f.png\" alt=\"Gold dragon sculpture surrounded by shallow bowls with candles.\" width=\"268\" height=\"177\" \/><\/span><\/li>\n<li><span style=\"color: #333333\">Celebration devoted to charity, gift-giving and festivities prior to the annual Nineteen Day Fast.\u00a0<\/span><\/li>\n<li><span style=\"color: #333333\">Learn More:<\/span>\u00a0<a href=\"https:\/\/www.bahaiblog.net\/articles\/holy-days-bahai-calendar\/an-introduction-to-ayyam-i-ha\/\" target=\"_blank\" rel=\"noopener\" data-saferedirecturl=\"https:\/\/www.google.com\/url?q=https:\/\/www.bahaiblog.net\/articles\/holy-days-bahai-calendar\/an-introduction-to-ayyam-i-ha\/&amp;source=gmail&amp;ust=1734112228439000&amp;usg=AOvVaw3z3jlxqhkERq_DfokDJ0hG\">An Introduction to<br \/>\nAyyam-i-Ha<\/a><span style=\"color: #333333\">.<\/span><\/li>\n<\/ul>\n<p>&nbsp;<\/p>\n<p>&nbsp;<\/p>\n<hr \/>\n<p style=\"text-align: center\"><span style=\"color: #333333\"><strong>Losar (Buddhist)<\/strong><\/span><\/p>\n<ul>\n<li><span style=\"color: #333333\">Friday, February 28\u2013 Sunday, March 2.<img loading=\"lazy\" decoding=\"async\" class=\"alignright\" src=\"https:\/\/ci3.googleusercontent.com\/meips\/ADKq_NYsPZanc7ykD704txKV9rJRzgjd1luFzih61P-nT_gqErgfOs-vwzrYtAW4wqCLV-OT_Ee8K9B1YSddpWPWE4hscSZEb1hmmQ=s0-d-e1-ft#https:\/\/share1.cloudhq-mkt3.net\/f4b28842fdd00e.png\" alt=\"Tibetan flags and an alter with candles.\" width=\"267\" height=\"177\" \/><\/span><\/li>\n<li><span style=\"color: #333333\">Tibetan New Year festival, falls on the first day of the first month of the Tibetan lunisolar calendar (in February or March), as determined by astrologers.\u00a0<\/span><\/li>\n<li><span style=\"color: #333333\">Learn More:<\/span>\u00a0<a href=\"https:\/\/www.gototibet.com\/travel-guide\/tibetan-new-year-date.html\" target=\"_blank\" rel=\"noopener\" data-saferedirecturl=\"https:\/\/www.google.com\/url?q=https:\/\/www.gototibet.com\/travel-guide\/tibetan-new-year-date.html&amp;source=gmail&amp;ust=1734112228439000&amp;usg=AOvVaw0T8CalbOcRUohwRLaejCeR\">Tibetan New Year 2025<\/a><span style=\"color: #333333\">.<\/span><\/li>\n<\/ul>\n<p>&nbsp;<\/p>\n","protected":false},"excerpt":{"rendered":"<p>Emersonians, We send warm greetings to each of you. The end of the fall semester closes the first half of our academic year. The upcoming break provides an opportunity for <a class=\"more-link\" href=\"https:\/\/websites.emerson.edu\/celebrate-diversity\/2024\/12\/18\/spiritual-seasonal-observances-winter-2024-2025\/\">&#8230;<\/a><\/p>\n","protected":false},"author":3159,"featured_media":668,"comment_status":"closed","ping_status":"open","sticky":false,"template":"","format":"standard","meta":{"_jetpack_memberships_contains_paid_content":false,"footnotes":""},"categories":[18],"tags":[31,144,36,37,169,28,27,170,20,34,39,21,168,30,26,35,66,38,24,32,33,172,167,171,166],"class_list":["post-663","post","type-post","status-publish","format-standard","has-post-thumbnail","hentry","category-spiritual-seasonal-observances","tag-african-american","tag-asia","tag-ayyam-i-ha","tag-bahai","tag-buddhist","tag-christian","tag-christmas","tag-east-asia","tag-hanukkah","tag-hindu","tag-holidays","tag-jewish","tag-joseph-smith","tag-kwanzaa","tag-latter-day-saints","tag-losar","tag-lunar-new-year","tag-multifaith","tag-pagan","tag-pan-african","tag-pongal","tag-religious","tag-solstice","tag-spiritual","tag-winter"],"jetpack_featured_media_url":"https:\/\/websites.emerson.edu\/celebrate-diversity\/wp-content\/uploads\/sites\/26\/2024\/12\/unnamed-1.png","jetpack_sharing_enabled":true,"_links":{"self":[{"href":"https:\/\/websites.emerson.edu\/celebrate-diversity\/wp-json\/wp\/v2\/posts\/663","targetHints":{"allow":["GET"]}}],"collection":[{"href":"https:\/\/websites.emerson.edu\/celebrate-diversity\/wp-json\/wp\/v2\/posts"}],"about":[{"href":"https:\/\/websites.emerson.edu\/celebrate-diversity\/wp-json\/wp\/v2\/types\/post"}],"author":[{"embeddable":true,"href":"https:\/\/websites.emerson.edu\/celebrate-diversity\/wp-json\/wp\/v2\/users\/3159"}],"replies":[{"embeddable":true,"href":"https:\/\/websites.emerson.edu\/celebrate-diversity\/wp-json\/wp\/v2\/comments?post=663"}],"version-history":[{"count":3,"href":"https:\/\/websites.emerson.edu\/celebrate-diversity\/wp-json\/wp\/v2\/posts\/663\/revisions"}],"predecessor-version":[{"id":670,"href":"https:\/\/websites.emerson.edu\/celebrate-diversity\/wp-json\/wp\/v2\/posts\/663\/revisions\/670"}],"wp:featuredmedia":[{"embeddable":true,"href":"https:\/\/websites.emerson.edu\/celebrate-diversity\/wp-json\/wp\/v2\/media\/668"}],"wp:attachment":[{"href":"https:\/\/websites.emerson.edu\/celebrate-diversity\/wp-json\/wp\/v2\/media?parent=663"}],"wp:term":[{"taxonomy":"category","embeddable":true,"href":"https:\/\/websites.emerson.edu\/celebrate-diversity\/wp-json\/wp\/v2\/categories?post=663"},{"taxonomy":"post_tag","embeddable":true,"href":"https:\/\/websites.emerson.edu\/celebrate-diversity\/wp-json\/wp\/v2\/tags?post=663"}],"curies":[{"name":"wp","href":"https:\/\/api.w.org\/{rel}","templated":true}]}}